{"id":1194,"date":"2025-02-03T06:10:52","date_gmt":"2025-02-03T06:10:52","guid":{"rendered":"https:\/\/climateleadgroup.com\/?p=1194"},"modified":"2025-02-03T06:14:32","modified_gmt":"2025-02-03T06:14:32","slug":"filacc_jicaral_cobano_lepanto","status":"publish","type":"post","link":"https:\/\/climateleadgroup.com\/es\/filacc_jicaral_cobano_lepanto\/","title":{"rendered":"FILACC IMPULSA LA ADAPTACI\u00d3N CLIM\u00c1TICA DE FINCAS GANADERAS EN C\u00d3BANO, PAQUERA Y LEPANTO"},"content":{"rendered":"<div data-elementor-type=\"wp-post\" data-elementor-id=\"1194\" class=\"elementor elementor-1194\" data-elementor-post-type=\"post\">\n\t\t\t\t\t\t<section class=\"elementor-section elementor-top-section elementor-element elementor-element-a7e2940 elementor-section-boxed elementor-section-height-default elementor-section-height-default\" data-id=\"a7e2940\" data-element_type=\"section\" data-e-type=\"section\">\n\t\t\t\t\t\t<div class=\"elementor-container elementor-column-gap-default\">\n\t\t\t\t\t<div class=\"elementor-column elementor-col-100 elementor-top-column elementor-element elementor-element-9711ef1\" data-id=\"9711ef1\" data-element_type=\"column\" data-e-type=\"column\">\n\t\t\t<div class=\"elementor-widget-wrap elementor-element-populated\">\n\t\t\t\t\t\t<div class=\"elementor-element elementor-element-19e63cd ecs-nav-layout-horizontal e--pointer-underline e--animation-fade elementor-nav-menu--dropdown-tablet elementor-nav-menu--toggle elementor-nav-menu--burger ecs-toggle-align-center elementor-widget elementor-widget-nav-menu\" data-id=\"19e63cd\" data-element_type=\"widget\" data-e-type=\"widget\" data-settings=\"{&quot;layout&quot;:&quot;horizontal&quot;,&quot;submenu_icon&quot;:{&quot;value&quot;:&quot;&lt;i class=\\&quot;fas fa-caret-down\\&quot; aria-hidden=\\&quot;true\\&quot;&gt;&lt;\\\/i&gt;&quot;,&quot;library&quot;:&quot;fa-solid&quot;},&quot;toggle&quot;:&quot;burger&quot;}\" data-widget_type=\"nav-menu.default\">\n\t\t\t\t<div class=\"elementor-widget-container\">\n\t\t\t\t\t\t\t\t<nav aria-label=\"Men\u00fa\" class=\"elementor-nav-menu--main elementor-nav-menu__container elementor-nav-menu--layout-horizontal e--pointer-underline e--animation-fade\">\n\t\t\t\t<ul id=\"menu-1-19e63cd\" class=\"elementor-nav-menu\"><li class=\"menu-item menu-item-type-post_type menu-item-object-page menu-item-home menu-item-100\"><a href=\"https:\/\/climateleadgroup.com\/es\/\" class=\"elementor-item\">Inicio<\/a><\/li>\n<li class=\"menu-item menu-item-type-post_type menu-item-object-page menu-item-2718\"><a href=\"https:\/\/climateleadgroup.com\/es\/proyectos-de\/\" class=\"elementor-item\">Nuestros proyectos<\/a><\/li>\n<li class=\"menu-item menu-item-type-post_type menu-item-object-page menu-item-104\"><a href=\"https:\/\/climateleadgroup.com\/es\/services\/\" class=\"elementor-item\">Servicios<\/a><\/li>\n<li class=\"menu-item menu-item-type-post_type menu-item-object-page menu-item-1609\"><a href=\"https:\/\/climateleadgroup.com\/es\/?page_id=1604\" class=\"elementor-item\">Noticias<\/a><\/li>\n<\/ul>\t\t\t<\/nav>\n\t\t\t\t\t<div class=\"elementor-menu-toggle\" role=\"button\" tabindex=\"0\" aria-label=\"Alternar men\u00fa\" aria-expanded=\"false\">\n\t\t\t<i aria-hidden=\"true\" role=\"presentation\" class=\"elementor-menu-toggle__icon--open eicon-menu-bar\"><\/i><i aria-hidden=\"true\" role=\"presentation\" class=\"elementor-menu-toggle__icon--close eicon-close\"><\/i>\t\t<\/div>\n\t\t\t\t\t<nav class=\"elementor-nav-menu--dropdown elementor-nav-menu__container\" aria-hidden=\"true\">\n\t\t\t\t<ul id=\"menu-2-19e63cd\" class=\"elementor-nav-menu\"><li class=\"menu-item menu-item-type-post_type menu-item-object-page menu-item-home menu-item-100\"><a href=\"https:\/\/climateleadgroup.com\/es\/\" class=\"elementor-item\" tabindex=\"-1\">Inicio<\/a><\/li>\n<li class=\"menu-item menu-item-type-post_type menu-item-object-page menu-item-2718\"><a href=\"https:\/\/climateleadgroup.com\/es\/proyectos-de\/\" class=\"elementor-item\" tabindex=\"-1\">Nuestros proyectos<\/a><\/li>\n<li class=\"menu-item menu-item-type-post_type menu-item-object-page menu-item-104\"><a href=\"https:\/\/climateleadgroup.com\/es\/services\/\" class=\"elementor-item\" tabindex=\"-1\">Servicios<\/a><\/li>\n<li class=\"menu-item menu-item-type-post_type menu-item-object-page menu-item-1609\"><a href=\"https:\/\/climateleadgroup.com\/es\/?page_id=1604\" class=\"elementor-item\" tabindex=\"-1\">Noticias<\/a><\/li>\n<\/ul>\t\t\t<\/nav>\n\t\t\t\t\t\t<\/div>\n\t\t\t\t<\/div>\n\t\t\t\t<div class=\"elementor-element elementor-element-e8f2bad elementor-widget elementor-widget-spacer\" data-id=\"e8f2bad\" data-element_type=\"widget\" data-e-type=\"widget\" data-widget_type=\"spacer.default\">\n\t\t\t\t<div class=\"elementor-widget-container\">\n\t\t\t\t\t\t\t<div class=\"elementor-spacer\">\n\t\t\t<div class=\"elementor-spacer-inner\"><\/div>\n\t\t<\/div>\n\t\t\t\t\t\t<\/div>\n\t\t\t\t<\/div>\n\t\t\t\t<section class=\"elementor-section elementor-inner-section elementor-element elementor-element-7af2bba elementor-section-boxed elementor-section-height-default elementor-section-height-default\" data-id=\"7af2bba\" data-element_type=\"section\" data-e-type=\"section\">\n\t\t\t\t\t\t<div class=\"elementor-container elementor-column-gap-default\">\n\t\t\t\t\t<div class=\"elementor-column elementor-col-50 elementor-inner-column elementor-element elementor-element-325f985\" data-id=\"325f985\" data-element_type=\"column\" data-e-type=\"column\" data-settings=\"{&quot;background_background&quot;:&quot;classic&quot;}\">\n\t\t\t<div class=\"elementor-widget-wrap\">\n\t\t\t\t\t\t\t<\/div>\n\t\t<\/div>\n\t\t\t\t<div class=\"elementor-column elementor-col-50 elementor-inner-column elementor-element elementor-element-7368762\" data-id=\"7368762\" data-element_type=\"column\" data-e-type=\"column\">\n\t\t\t<div class=\"elementor-widget-wrap elementor-element-populated\">\n\t\t\t\t\t\t<div class=\"elementor-element elementor-element-01943c9 elementor-widget elementor-widget-theme-post-title elementor-page-title elementor-widget-heading\" data-id=\"01943c9\" data-element_type=\"widget\" data-e-type=\"widget\" data-widget_type=\"theme-post-title.default\">\n\t\t\t\t<div class=\"elementor-widget-container\">\n\t\t\t\t\t<h1 class=\"elementor-heading-title elementor-size-default\">FILACC IMPULSA LA ADAPTACI\u00d3N CLIM\u00c1TICA DE FINCAS GANADERAS EN C\u00d3BANO, PAQUERA Y LEPANTO<\/h1>\t\t\t\t<\/div>\n\t\t\t\t<\/div>\n\t\t\t\t\t<\/div>\n\t\t<\/div>\n\t\t\t\t\t<\/div>\n\t\t<\/section>\n\t\t\t\t<div class=\"elementor-element elementor-element-2fdea91 elementor-widget elementor-widget-post-info\" data-id=\"2fdea91\" data-element_type=\"widget\" data-e-type=\"widget\" data-widget_type=\"post-info.default\">\n\t\t\t\t<div class=\"elementor-widget-container\">\n\t\t\t\t\t\t\t<ul class=\"elementor-inline-items elementor-icon-list-items elementor-post-info\">\n\t\t\t\t\t\t\t\t<li class=\"elementor-icon-list-item elementor-repeater-item-ac825f1 elementor-inline-item\" itemprop=\"datePublished\">\n\t\t\t\t\t\t<a href=\"https:\/\/climateleadgroup.com\/es\/2025\/02\/03\/\">\n\t\t\t\t\t\t\t\t\t\t\t<span class=\"elementor-icon-list-icon\">\n\t\t\t\t\t\t\t\t<i aria-hidden=\"true\" class=\"fas fa-calendar\"><\/i>\t\t\t\t\t\t\t<\/span>\n\t\t\t\t\t\t\t\t\t<span class=\"elementor-icon-list-text elementor-post-info__item elementor-post-info__item--type-date\">\n\t\t\t\t\t\t\t\t\t\t<time>febrero 3, 2025<\/time>\t\t\t\t\t<\/span>\n\t\t\t\t\t\t\t\t\t<\/a>\n\t\t\t\t<\/li>\n\t\t\t\t<li class=\"elementor-icon-list-item elementor-repeater-item-de605f1 elementor-inline-item\">\n\t\t\t\t\t\t\t\t\t\t<span class=\"elementor-icon-list-icon\">\n\t\t\t\t\t\t\t\t<i aria-hidden=\"true\" class=\"far fa-folder-open\"><\/i>\t\t\t\t\t\t\t<\/span>\n\t\t\t\t\t\t\t\t\t<span class=\"elementor-icon-list-text elementor-post-info__item elementor-post-info__item--type-custom\">\n\t\t\t\t\t\t\t\t\t\tAdaptaci\u00f3n al Cambio Clim\u00e1tico\t\t\t\t\t<\/span>\n\t\t\t\t\t\t\t\t<\/li>\n\t\t\t\t<\/ul>\n\t\t\t\t\t\t<\/div>\n\t\t\t\t<\/div>\n\t\t\t\t<div class=\"elementor-element elementor-element-c9cd51b elementor-widget elementor-widget-spacer\" data-id=\"c9cd51b\" data-element_type=\"widget\" data-e-type=\"widget\" data-widget_type=\"spacer.default\">\n\t\t\t\t<div class=\"elementor-widget-container\">\n\t\t\t\t\t\t\t<div class=\"elementor-spacer\">\n\t\t\t<div class=\"elementor-spacer-inner\"><\/div>\n\t\t<\/div>\n\t\t\t\t\t\t<\/div>\n\t\t\t\t<\/div>\n\t\t\t\t<div class=\"elementor-element elementor-element-f726297 elementor-widget elementor-widget-image\" data-id=\"f726297\" data-element_type=\"widget\" data-e-type=\"widget\" data-widget_type=\"image.default\">\n\t\t\t\t<div class=\"elementor-widget-container\">\n\t\t\t\t\t\t\t\t\t\t\t\t\t\t\t<img fetchpriority=\"high\" decoding=\"async\" width=\"3674\" height=\"2060\" src=\"https:\/\/climateleadgroup.com\/wp-content\/uploads\/2025\/02\/A2Costa-Rica-FILACC-JICARAL-CENTRO-AGRICOLA-VISITA-FINCAS-25-min.png\" class=\"attachment-full size-full wp-image-1202\" alt=\"\" srcset=\"https:\/\/climateleadgroup.com\/wp-content\/uploads\/2025\/02\/A2Costa-Rica-FILACC-JICARAL-CENTRO-AGRICOLA-VISITA-FINCAS-25-min.png 3674w, https:\/\/climateleadgroup.com\/wp-content\/uploads\/2025\/02\/A2Costa-Rica-FILACC-JICARAL-CENTRO-AGRICOLA-VISITA-FINCAS-25-min-300x168.png 300w, https:\/\/climateleadgroup.com\/wp-content\/uploads\/2025\/02\/A2Costa-Rica-FILACC-JICARAL-CENTRO-AGRICOLA-VISITA-FINCAS-25-min-1024x574.png 1024w, https:\/\/climateleadgroup.com\/wp-content\/uploads\/2025\/02\/A2Costa-Rica-FILACC-JICARAL-CENTRO-AGRICOLA-VISITA-FINCAS-25-min-768x431.png 768w, https:\/\/climateleadgroup.com\/wp-content\/uploads\/2025\/02\/A2Costa-Rica-FILACC-JICARAL-CENTRO-AGRICOLA-VISITA-FINCAS-25-min-1536x861.png 1536w, https:\/\/climateleadgroup.com\/wp-content\/uploads\/2025\/02\/A2Costa-Rica-FILACC-JICARAL-CENTRO-AGRICOLA-VISITA-FINCAS-25-min-2048x1148.png 2048w\" sizes=\"(max-width: 3674px) 100vw, 3674px\" \/>\t\t\t\t\t\t\t\t\t\t\t\t\t\t\t<\/div>\n\t\t\t\t<\/div>\n\t\t\t\t\t<\/div>\n\t\t<\/div>\n\t\t\t\t\t<\/div>\n\t\t<\/section>\n\t\t\t\t<section class=\"elementor-section elementor-top-section elementor-element elementor-element-2cf4b80 elementor-section-boxed elementor-section-height-default elementor-section-height-default\" data-id=\"2cf4b80\" data-element_type=\"section\" data-e-type=\"section\">\n\t\t\t\t\t\t<div class=\"elementor-container elementor-column-gap-default\">\n\t\t\t\t\t<div class=\"elementor-column elementor-col-100 elementor-top-column elementor-element elementor-element-3462ce5\" data-id=\"3462ce5\" data-element_type=\"column\" data-e-type=\"column\">\n\t\t\t<div class=\"elementor-widget-wrap elementor-element-populated\">\n\t\t\t\t\t\t<div class=\"elementor-element elementor-element-4bd403f elementor-widget-divider--view-line elementor-widget elementor-widget-divider\" data-id=\"4bd403f\" data-element_type=\"widget\" data-e-type=\"widget\" data-widget_type=\"divider.default\">\n\t\t\t\t<div class=\"elementor-widget-container\">\n\t\t\t\t\t\t\t<div class=\"elementor-divider\">\n\t\t\t<span class=\"elementor-divider-separator\">\n\t\t\t\t\t\t<\/span>\n\t\t<\/div>\n\t\t\t\t\t\t<\/div>\n\t\t\t\t<\/div>\n\t\t\t\t<div class=\"elementor-element elementor-element-d857dfa elementor-widget elementor-widget-text-editor\" data-id=\"d857dfa\" data-element_type=\"widget\" data-e-type=\"widget\" data-widget_type=\"text-editor.default\">\n\t\t\t\t<div class=\"elementor-widget-container\">\n\t\t\t\t\t\t\t\t\t<p><strong>\u00a0<\/strong>El proyecto \u201cImpulso a los procesos de gesti\u00f3n del recurso h\u00eddrico y sistemas productivos resilientes como mecanismo de adaptaci\u00f3n al cambio clim\u00e1tico en los distritos Lepanto, Paquera y C\u00f3bano de Puntarenas\u201d ha fortalecido las capacidades de adaptaci\u00f3n al cambio clim\u00e1tico de los productores agropecuarios en las comunidades de C\u00f3bano, Paquera y Lepanto. La iniciativa ha generado un impacto positivo al implementar tecnolog\u00edas y pr\u00e1cticas sostenibles en las fincas locales, promoviendo un modelo m\u00e1s eficiente y resiliente ante eventos clim\u00e1ticos adversos.<\/p><p>El proyecto fue impulsado a trav\u00e9s del Financiamiento Local para la Adaptaci\u00f3n al Cambio Clim\u00e1tico (FILACC), otorgado por el Programa Euroclima del Global Gateway de la Uni\u00f3n Europea y ejecutado por Expertise France en alianza con la Direcci\u00f3n de Cambio Clim\u00e1tico del MINAE. FILACC actualmente financia cinco iniciativas locales en Costa Rica, que tambi\u00e9n incluyen comunidades en Aserr\u00ed, Osa, Talamanca y Bijagua. Estas acciones buscan fortalecer la capacidad de comunidades vulnerables frente al cambio clim\u00e1tico, con soluciones adaptadas a sus necesidades espec\u00edficas.<\/p><p>En el caso de la zona de la Pen\u00ednsula de Nicoya, se ha concentrado en las comunidades de C\u00f3bano, Paquera y Lepando, espec\u00edficamente con el fortalecimiento de capacidades para los productores ganaderos de la zona, benefici\u00e1ndolos con herramientas y conocimiento t\u00e9cnico para que sus fincas tomen pasos hacia la adaptaci\u00f3n al cambio clim\u00e1tico.<\/p><p><strong>Pastoreo racional y gesti\u00f3n del recurso h\u00eddrico: medidas para optimizar la productividad y resiliencia de las fincas<\/strong><\/p><p>El proyecto centr\u00f3 sus esfuerzos en los productores agropecuarios, quienes implementaron tecnolog\u00edas innovadoras y pr\u00e1cticas de manejo sostenible. Estas son algunas de las acciones clave desarrolladas durante su ejecuci\u00f3n, las principales son:<\/p><p><strong>Protecci\u00f3n y aprovechamiento del recurso h\u00eddrico:<\/strong> 11 fincas ahora preservan nacientes, quebradas y r\u00edos gracias a cercas, reforestaci\u00f3n y regeneraci\u00f3n natural, asegurando estos recursos vitales durante los veranos m\u00e1s secos. Adem\u00e1s, con 15.705 metros de tuber\u00eda, 42 bebederos y 9 equipos de bombeo, las familias agricultoras aprovechan el agua sin desperdiciarla. 14 fincas recibieron tanques de almacenamiento, aumentando su capacidad productiva durante todo el a\u00f1o. Estas acciones han resultado en un uso m\u00e1s eficiente del agua, el aporte a ecosistemas equilibrados y comunidades m\u00e1s resilientes frente al cambio clim\u00e1tico.<\/p><p><strong>Fomento del pastoreo racional:<\/strong> Este modelo mejora la eficiencia en el uso del pasto, permitiendo que el ganado se alimente en \u00e1reas delimitadas de manera sostenible. El proyecto explic\u00f3 esta t\u00e9cnica a los beneficiarios y proporcion\u00f3 materiales necesarios para delimitar de forma \u00f3ptima los cercos en sus fincas. Esto no solo aumenta la productividad del ganado, sino que tambi\u00e9n ayuda a conservar el suelo, evitar el uso de herbicidas y reducir el impacto ambiental al optimizar el uso de recursos naturales.<\/p><p><strong>Capacitaciones y asesor\u00eda t\u00e9cnica:<\/strong> Se llevaron a cabo eventos de capacitaci\u00f3n y d\u00edas de campo donde los productores aprendieron sobre pastoreo racional, conservaci\u00f3n del recurso h\u00eddrico y gesti\u00f3n sostenible de las fincas. Como resultado, el conocimiento sobre cambio clim\u00e1tico aument\u00f3 significativamente entre los participantes. Antes del proyecto, solo un 50% ten\u00eda un nivel medio de comprensi\u00f3n sobre estas t\u00e9cnicas, mientras que al finalizar, el 87% report\u00f3 un nivel alto o muy alto.<\/p><p><strong>Implementaci\u00f3n de tecnolog\u00edas para la gesti\u00f3n de las fincas:<\/strong> Se entregaron materiales como paneles solares, cercas el\u00e9ctricas, sistemas de reservorios y transporte de agua dentro de las fincas. Los beneficiarios realizaron la instalaci\u00f3n de estos equipos tras recibir capacitaci\u00f3n especializada. Las cercas el\u00e9ctricas permiten un manejo m\u00e1s eficiente del ganado, evitando la deforestaci\u00f3n y promoviendo la conservaci\u00f3n del suelo al reducir la extensi\u00f3n necesaria para pastoreo. Los sistemas de agua garantizan el acceso al recurso en periodos de sequ\u00eda, mejorando la eficiencia en el riego y el bienestar del ganado.<\/p>\t\t\t\t\t\t\t\t<\/div>\n\t\t\t\t<\/div>\n\t\t\t\t<div class=\"elementor-element elementor-element-ad7138f elementor-widget elementor-widget-image\" data-id=\"ad7138f\" data-element_type=\"widget\" data-e-type=\"widget\" data-widget_type=\"image.default\">\n\t\t\t\t<div class=\"elementor-widget-container\">\n\t\t\t\t\t\t\t\t\t\t\t\t<figure class=\"wp-caption\">\n\t\t\t\t\t\t\t\t\t\t<img decoding=\"async\" width=\"800\" height=\"534\" src=\"https:\/\/climateleadgroup.com\/wp-content\/uploads\/2025\/02\/A2Costa-Rica-FILACC-JICARAL-CENTRO-AGRICOLA-CAPACITACION-Y-FIRMA-COMPROMISO-BENEFICIARIOS-13-min-1024x683.jpg\" class=\"attachment-large size-large wp-image-1196\" alt=\"\" srcset=\"https:\/\/climateleadgroup.com\/wp-content\/uploads\/2025\/02\/A2Costa-Rica-FILACC-JICARAL-CENTRO-AGRICOLA-CAPACITACION-Y-FIRMA-COMPROMISO-BENEFICIARIOS-13-min-1024x683.jpg 1024w, https:\/\/climateleadgroup.com\/wp-content\/uploads\/2025\/02\/A2Costa-Rica-FILACC-JICARAL-CENTRO-AGRICOLA-CAPACITACION-Y-FIRMA-COMPROMISO-BENEFICIARIOS-13-min-300x200.jpg 300w, https:\/\/climateleadgroup.com\/wp-content\/uploads\/2025\/02\/A2Costa-Rica-FILACC-JICARAL-CENTRO-AGRICOLA-CAPACITACION-Y-FIRMA-COMPROMISO-BENEFICIARIOS-13-min-768x512.jpg 768w, https:\/\/climateleadgroup.com\/wp-content\/uploads\/2025\/02\/A2Costa-Rica-FILACC-JICARAL-CENTRO-AGRICOLA-CAPACITACION-Y-FIRMA-COMPROMISO-BENEFICIARIOS-13-min-1536x1024.jpg 1536w, https:\/\/climateleadgroup.com\/wp-content\/uploads\/2025\/02\/A2Costa-Rica-FILACC-JICARAL-CENTRO-AGRICOLA-CAPACITACION-Y-FIRMA-COMPROMISO-BENEFICIARIOS-13-min-2048x1365.jpg 2048w\" sizes=\"(max-width: 800px) 100vw, 800px\" \/>\t\t\t\t\t\t\t\t\t\t\t<figcaption class=\"widget-image-caption wp-caption-text\">Capacitaci\u00f3n a beneficiarios sobre adaptaci\u00f3n al cambio clim\u00e1tico para la producci\u00f3n ganadera. \u00a9Daniel Murillo, Climate Lead Group<\/figcaption>\n\t\t\t\t\t\t\t\t\t\t<\/figure>\n\t\t\t\t\t\t\t\t\t<\/div>\n\t\t\t\t<\/div>\n\t\t\t\t<div class=\"elementor-element elementor-element-1b39c74 elementor-widget-divider--view-line elementor-widget elementor-widget-divider\" data-id=\"1b39c74\" data-element_type=\"widget\" data-e-type=\"widget\" data-widget_type=\"divider.default\">\n\t\t\t\t<div class=\"elementor-widget-container\">\n\t\t\t\t\t\t\t<div class=\"elementor-divider\">\n\t\t\t<span class=\"elementor-divider-separator\">\n\t\t\t\t\t\t<\/span>\n\t\t<\/div>\n\t\t\t\t\t\t<\/div>\n\t\t\t\t<\/div>\n\t\t\t\t<div class=\"elementor-element elementor-element-c402ef6 elementor-widget elementor-widget-text-editor\" data-id=\"c402ef6\" data-element_type=\"widget\" data-e-type=\"widget\" data-widget_type=\"text-editor.default\">\n\t\t\t\t<div class=\"elementor-widget-container\">\n\t\t\t\t\t\t\t\t\t<p>El contacto con las fincas beneficiarias se gestion\u00f3 por medio del Centro Agr\u00edcola Cantonal de Puntarenas, el cual cont\u00f3 con apoyo t\u00e9cnico de las oficinas regionales del Ministerio de Agricultura y Ganader\u00eda. Sobre este proceso de integraci\u00f3n con las fincas beneficiarias, Sonia Mar\u00eda Dur\u00f3n Gonz\u00e1lez, gerente del Centro Agr\u00edcola Cantonal de Puntarenas coment\u00f3 que:<\/p>\t\t\t\t\t\t\t\t<\/div>\n\t\t\t\t<\/div>\n\t\t\t\t<div class=\"elementor-element elementor-element-9f96190 elementor-widget elementor-widget-text-editor\" data-id=\"9f96190\" data-element_type=\"widget\" data-e-type=\"widget\" data-widget_type=\"text-editor.default\">\n\t\t\t\t<div class=\"elementor-widget-container\">\n\t\t\t\t\t\t\t\t\t<p><em> &#8220;Debemos hacer que las actividades agropecuarias, lejos de ser emisoras de carbono, sean m\u00e1s sostenibles, con captura de carbono, y que los productores asuman un rol diferente: producir m\u00e1s mientras cuidan los recursos y contribuyen a la adaptaci\u00f3n al cambio clim\u00e1tico y la resiliencia. <\/em><em>Los recursos que gestionamos gracias a la Uni\u00f3n Europea y el programa Euroclima, permiten a los productores innovar, implementar mejoras y aplicar tecnolog\u00eda para que la actividad agropecuaria sea m\u00e1s sostenible y mejor adaptada a los desaf\u00edos clim\u00e1ticos.\u201d<\/em><\/p>\t\t\t\t\t\t\t\t<\/div>\n\t\t\t\t<\/div>\n\t\t\t\t<div class=\"elementor-element elementor-element-8423136 elementor-widget elementor-widget-text-editor\" data-id=\"8423136\" data-element_type=\"widget\" data-e-type=\"widget\" data-widget_type=\"text-editor.default\">\n\t\t\t\t<div class=\"elementor-widget-container\">\n\t\t\t\t\t\t\t\t\t<p>Sobre el apoyo a las iniciativas locales impulsadas por FILACC, Franz Tattenbach ministro del MINAE, destac\u00f3 que:<\/p>\t\t\t\t\t\t\t\t<\/div>\n\t\t\t\t<\/div>\n\t\t\t\t<div class=\"elementor-element elementor-element-e171739 elementor-widget elementor-widget-text-editor\" data-id=\"e171739\" data-element_type=\"widget\" data-e-type=\"widget\" data-widget_type=\"text-editor.default\">\n\t\t\t\t<div class=\"elementor-widget-container\">\n\t\t\t\t\t\t\t\t\t<p>\u201cEste proyecto representa una herramienta para la implementaci\u00f3n de la pol\u00edtica p\u00fablica clim\u00e1tica y al empoderamiento de las organizaciones y las comunidades en la Agenda Clim\u00e1tica, principalmente en la Adaptaci\u00f3n al Cambio Clim\u00e1tico para el aumento de la resiliencia. Por parte del MINAE, expresamos nuestro profundo agradecimiento en su labor como aliados estrat\u00e9gicos en la Acci\u00f3n Clim\u00e1tica del pa\u00eds demostrando el liderazgo en la implementaci\u00f3n inclusiva de cara a la actualizaci\u00f3n de la NDC 3.0&#8243;.<\/p>\t\t\t\t\t\t\t\t<\/div>\n\t\t\t\t<\/div>\n\t\t\t\t<div class=\"elementor-element elementor-element-258d68e elementor-widget elementor-widget-text-editor\" data-id=\"258d68e\" data-element_type=\"widget\" data-e-type=\"widget\" data-widget_type=\"text-editor.default\">\n\t\t\t\t<div class=\"elementor-widget-container\">\n\t\t\t\t\t\t\t\t\t<p>Murielle Gurtner, Representative of Expertise France and Director of Climate and Biodiversity Programs, highlighted:<\/p>\t\t\t\t\t\t\t\t<\/div>\n\t\t\t\t<\/div>\n\t\t\t\t<div class=\"elementor-element elementor-element-e52f820 elementor-widget elementor-widget-text-editor\" data-id=\"e52f820\" data-element_type=\"widget\" data-e-type=\"widget\" data-widget_type=\"text-editor.default\">\n\t\t\t\t<div class=\"elementor-widget-container\">\n\t\t\t\t\t\t\t\t\t<p>\u201cEsta es la culminaci\u00f3n de un esfuerzo conjunto entre la Uni\u00f3n Europea, el Gobierno de Costa Rica y Expertise France para impulsar 5 iniciativas locales que aportan a la implementaci\u00f3n del Plan Nacional de Adaptaci\u00f3n a trav\u00e9s del fortalecimiento de capacidades t\u00e9cnicas en la gesti\u00f3n del recurso h\u00eddrico, sistemas productivos sostenibles y restauraci\u00f3n de ecosistemas terrestres y marinos en las regiones de Bijagua, Puntarenas, Talamanca, Aserr\u00ed y la Pen\u00ednsula de Osa. Los excelentes resultados de esta fase, implementada en 2024 a trav\u00e9s del Programa Euroclima, son muy satisfactorios para Expertise France, por lo que esperamos seguir trabajando en los pr\u00f3ximos a\u00f1os en el pa\u00eds.\u201d<\/p>\t\t\t\t\t\t\t\t<\/div>\n\t\t\t\t<\/div>\n\t\t\t\t<div class=\"elementor-element elementor-element-afe4494 elementor-widget elementor-widget-text-editor\" data-id=\"afe4494\" data-element_type=\"widget\" data-e-type=\"widget\" data-widget_type=\"text-editor.default\">\n\t\t\t\t<div class=\"elementor-widget-container\">\n\t\t\t\t\t\t\t\t\t<div class=\"flex-shrink-0 flex flex-col relative items-end\"><div class=\"pt-0\"><div class=\"gizmo-bot-avatar flex h-8 w-8 items-center justify-center overflow-hidden rounded-full\"><div class=\"relative p-1 rounded-sm flex items-center justify-center bg-token-main-surface-primary text-token-text-primary h-8 w-8\"><p>Las acciones locales para la adaptaci\u00f3n, pueden tener un impacto significativo en la en la capacidad de respuesta de la comunidad ante eventos clim\u00e1ticos extremos. Uno de los principales aportes del proyecto ha sido el impacto en la forma de pensar y en la disposici\u00f3n de los beneficiarios a tomar acciones de adaptaci\u00f3n al cambio clim\u00e1tico que tenga impacto en la sostenibilidad y en la mejora de las capacidades de producci\u00f3n de las fincas.<\/p><p>Las fincas beneficiadas cuentan hoy con herramientas y conocimientos que fortalecen su capacidad productiva y resiliencia. Sin embargo, a\u00fan queda trabajo por hacer. Es fundamental seguir promoviendo medidas de adaptaci\u00f3n que integren soluciones tecnol\u00f3gicas y la participaci\u00f3n activa de las comunidades para que est\u00e9n preparadas en casos de eventos clim\u00e1ticos extremos en un futuro.<\/p><\/div><\/div><\/div><\/div>\t\t\t\t\t\t\t\t<\/div>\n\t\t\t\t<\/div>\n\t\t\t\t<div class=\"elementor-element elementor-element-c56902c elementor-widget elementor-widget-spacer\" data-id=\"c56902c\" data-element_type=\"widget\" data-e-type=\"widget\" data-widget_type=\"spacer.default\">\n\t\t\t\t<div class=\"elementor-widget-container\">\n\t\t\t\t\t\t\t<div class=\"elementor-spacer\">\n\t\t\t<div class=\"elementor-spacer-inner\"><\/div>\n\t\t<\/div>\n\t\t\t\t\t\t<\/div>\n\t\t\t\t<\/div>\n\t\t\t\t<div class=\"elementor-element elementor-element-f63674b elementor-widget elementor-widget-gallery\" data-id=\"f63674b\" data-element_type=\"widget\" data-e-type=\"widget\" data-settings=\"{&quot;lazyload&quot;:&quot;yes&quot;,&quot;gallery_layout&quot;:&quot;grid&quot;,&quot;columns&quot;:4,&quot;columns_tablet&quot;:2,&quot;columns_mobile&quot;:1,&quot;gap&quot;:{&quot;unit&quot;:&quot;px&quot;,&quot;size&quot;:10,&quot;sizes&quot;:[]},&quot;gap_tablet&quot;:{&quot;unit&quot;:&quot;px&quot;,&quot;size&quot;:10,&quot;sizes&quot;:[]},&quot;gap_mobile&quot;:{&quot;unit&quot;:&quot;px&quot;,&quot;size&quot;:10,&quot;sizes&quot;:[]},&quot;link_to&quot;:&quot;file&quot;,&quot;aspect_ratio&quot;:&quot;3:2&quot;,&quot;overlay_background&quot;:&quot;yes&quot;,&quot;content_hover_animation&quot;:&quot;fade-in&quot;}\" data-widget_type=\"gallery.default\">\n\t\t\t\t<div class=\"elementor-widget-container\">\n\t\t\t\t\t\t\t<div class=\"elementor-gallery__container\">\n\t\t\t\t\t\t\t<a class=\"e-gallery-item elementor-gallery-item elementor-animated-content\" href=\"https:\/\/climateleadgroup.com\/wp-content\/uploads\/2025\/02\/A2Costa-Rica-FILACC-JICARAL-CENTRO-AGRICOLA-VISITA-FINCAS-27-min.png\" data-elementor-open-lightbox=\"yes\" data-elementor-lightbox-slideshow=\"f63674b\" data-elementor-lightbox-title=\"A2Costa Rica - FILACC JICARAL CENTRO AGRICOLA - VISITA FINCAS 27-min\" data-elementor-lightbox-description=\"Cinta el\u00e9ctrica para cercamiento en finca beneficiaria de FILACC.  \u00a9Daniel Murillo, Climate Lead Group\" data-e-action-hash=\"#elementor-action%3Aaction%3Dlightbox%26settings%3DeyJpZCI6MTIwMywidXJsIjoiaHR0cHM6XC9cL2NsaW1hdGVsZWFkZ3JvdXAuY29tXC93cC1jb250ZW50XC91cGxvYWRzXC8yMDI1XC8wMlwvQTJDb3N0YS1SaWNhLUZJTEFDQy1KSUNBUkFMLUNFTlRSTy1BR1JJQ09MQS1WSVNJVEEtRklOQ0FTLTI3LW1pbi5wbmciLCJzbGlkZXNob3ciOiJmNjM2NzRiIn0%3D\">\n\t\t\t\t\t<div class=\"e-gallery-image elementor-gallery-item__image\" data-thumbnail=\"https:\/\/climateleadgroup.com\/wp-content\/uploads\/2025\/02\/A2Costa-Rica-FILACC-JICARAL-CENTRO-AGRICOLA-VISITA-FINCAS-27-min-300x167.png\" data-width=\"300\" data-height=\"167\" aria-label=\"\" role=\"img\" ><\/div>\n\t\t\t\t\t\t\t\t\t\t\t<div class=\"elementor-gallery-item__overlay\"><\/div>\n\t\t\t\t\t\t\t\t\t\t\t\t\t\t<\/a>\n\t\t\t\t\t\t\t<a class=\"e-gallery-item elementor-gallery-item elementor-animated-content\" href=\"https:\/\/climateleadgroup.com\/wp-content\/uploads\/2025\/02\/A2Costa-Rica-FILACC-JICARAL-CENTRO-AGRICOLA-VISITA-FINCAS-23-min.png\" data-elementor-open-lightbox=\"yes\" data-elementor-lightbox-slideshow=\"f63674b\" data-elementor-lightbox-title=\"A2Costa Rica - FILACC JICARAL CENTRO AGRICOLA - VISITA FINCAS 23-min\" data-elementor-lightbox-description=\"Sistema de conducci\u00f3n de agua a sector de pastoreo. Aparto de finca para uso sostenible del suelo y rotaci\u00f3n del pastoreo \u00a9Daniel Murillo, Climate Lead Group\" data-e-action-hash=\"#elementor-action%3Aaction%3Dlightbox%26settings%3DeyJpZCI6MTIwMSwidXJsIjoiaHR0cHM6XC9cL2NsaW1hdGVsZWFkZ3JvdXAuY29tXC93cC1jb250ZW50XC91cGxvYWRzXC8yMDI1XC8wMlwvQTJDb3N0YS1SaWNhLUZJTEFDQy1KSUNBUkFMLUNFTlRSTy1BR1JJQ09MQS1WSVNJVEEtRklOQ0FTLTIzLW1pbi5wbmciLCJzbGlkZXNob3ciOiJmNjM2NzRiIn0%3D\">\n\t\t\t\t\t<div class=\"e-gallery-image elementor-gallery-item__image\" data-thumbnail=\"https:\/\/climateleadgroup.com\/wp-content\/uploads\/2025\/02\/A2Costa-Rica-FILACC-JICARAL-CENTRO-AGRICOLA-VISITA-FINCAS-23-min-300x167.png\" data-width=\"300\" data-height=\"167\" aria-label=\"\" role=\"img\" ><\/div>\n\t\t\t\t\t\t\t\t\t\t\t<div class=\"elementor-gallery-item__overlay\"><\/div>\n\t\t\t\t\t\t\t\t\t\t\t\t\t\t<\/a>\n\t\t\t\t\t\t\t<a class=\"e-gallery-item elementor-gallery-item elementor-animated-content\" href=\"https:\/\/climateleadgroup.com\/wp-content\/uploads\/2025\/02\/A2Costa-Rica-FILACC-JICARAL-CENTRO-AGRICOLA-VISITA-FINCAS-21-min-scaled.jpg\" data-elementor-open-lightbox=\"yes\" data-elementor-lightbox-slideshow=\"f63674b\" data-elementor-lightbox-title=\"A2Costa Rica - FILACC JICARAL CENTRO AGRICOLA - VISITA FINCAS 21-min\" data-elementor-lightbox-description=\"Aparto de finca para uso sostenible del suelo y rotaci\u00f3n del pastoreo \u00a9Daniel Murillo, Climate Lead Group\" data-e-action-hash=\"#elementor-action%3Aaction%3Dlightbox%26settings%3DeyJpZCI6MTIwMCwidXJsIjoiaHR0cHM6XC9cL2NsaW1hdGVsZWFkZ3JvdXAuY29tXC93cC1jb250ZW50XC91cGxvYWRzXC8yMDI1XC8wMlwvQTJDb3N0YS1SaWNhLUZJTEFDQy1KSUNBUkFMLUNFTlRSTy1BR1JJQ09MQS1WSVNJVEEtRklOQ0FTLTIxLW1pbi1zY2FsZWQuanBnIiwic2xpZGVzaG93IjoiZjYzNjc0YiJ9\">\n\t\t\t\t\t<div class=\"e-gallery-image elementor-gallery-item__image\" data-thumbnail=\"https:\/\/climateleadgroup.com\/wp-content\/uploads\/2025\/02\/A2Costa-Rica-FILACC-JICARAL-CENTRO-AGRICOLA-VISITA-FINCAS-21-min-300x200.jpg\" data-width=\"300\" data-height=\"200\" aria-label=\"\" role=\"img\" ><\/div>\n\t\t\t\t\t\t\t\t\t\t\t<div class=\"elementor-gallery-item__overlay\"><\/div>\n\t\t\t\t\t\t\t\t\t\t\t\t\t\t<\/a>\n\t\t\t\t\t\t\t<a class=\"e-gallery-item elementor-gallery-item elementor-animated-content\" href=\"https:\/\/climateleadgroup.com\/wp-content\/uploads\/2025\/02\/A2Costa-Rica-FILACC-JICARAL-CENTRO-AGRICOLA-VISITA-FINCAS-20-min-scaled.jpg\" data-elementor-open-lightbox=\"yes\" data-elementor-lightbox-slideshow=\"f63674b\" data-elementor-lightbox-title=\"A2Costa Rica - FILACC JICARAL CENTRO AGRICOLA - VISITA FINCAS 20-min\" data-elementor-lightbox-description=\"Beneficiario muestra sistema de cercado el\u00e9ctrico.  \u00a9Daniel Murillo, Climate Lead Group\" data-e-action-hash=\"#elementor-action%3Aaction%3Dlightbox%26settings%3DeyJpZCI6MTE5OSwidXJsIjoiaHR0cHM6XC9cL2NsaW1hdGVsZWFkZ3JvdXAuY29tXC93cC1jb250ZW50XC91cGxvYWRzXC8yMDI1XC8wMlwvQTJDb3N0YS1SaWNhLUZJTEFDQy1KSUNBUkFMLUNFTlRSTy1BR1JJQ09MQS1WSVNJVEEtRklOQ0FTLTIwLW1pbi1zY2FsZWQuanBnIiwic2xpZGVzaG93IjoiZjYzNjc0YiJ9\">\n\t\t\t\t\t<div class=\"e-gallery-image elementor-gallery-item__image\" data-thumbnail=\"https:\/\/climateleadgroup.com\/wp-content\/uploads\/2025\/02\/A2Costa-Rica-FILACC-JICARAL-CENTRO-AGRICOLA-VISITA-FINCAS-20-min-300x200.jpg\" data-width=\"300\" data-height=\"200\" aria-label=\"\" role=\"img\" ><\/div>\n\t\t\t\t\t\t\t\t\t\t\t<div class=\"elementor-gallery-item__overlay\"><\/div>\n\t\t\t\t\t\t\t\t\t\t\t\t\t\t<\/a>\n\t\t\t\t\t\t\t<a class=\"e-gallery-item elementor-gallery-item elementor-animated-content\" href=\"https:\/\/climateleadgroup.com\/wp-content\/uploads\/2025\/02\/A2Costa-Rica-FILACC-JICARAL-CENTRO-AGRICOLA-VISITA-FINCAS-17-min-scaled.jpg\" data-elementor-open-lightbox=\"yes\" data-elementor-lightbox-slideshow=\"f63674b\" data-elementor-lightbox-title=\"A2Costa Rica - FILACC JICARAL CENTRO AGRICOLA - VISITA FINCAS 17-min\" data-elementor-lightbox-description=\"Aparto de fincas para utilizaci\u00f3n regenerativa de los suelos dedicados al pastoreo. \u00a9Daniel Murillo, Climate Lead Group\" data-e-action-hash=\"#elementor-action%3Aaction%3Dlightbox%26settings%3DeyJpZCI6MTE5OCwidXJsIjoiaHR0cHM6XC9cL2NsaW1hdGVsZWFkZ3JvdXAuY29tXC93cC1jb250ZW50XC91cGxvYWRzXC8yMDI1XC8wMlwvQTJDb3N0YS1SaWNhLUZJTEFDQy1KSUNBUkFMLUNFTlRSTy1BR1JJQ09MQS1WSVNJVEEtRklOQ0FTLTE3LW1pbi1zY2FsZWQuanBnIiwic2xpZGVzaG93IjoiZjYzNjc0YiJ9\">\n\t\t\t\t\t<div class=\"e-gallery-image elementor-gallery-item__image\" data-thumbnail=\"https:\/\/climateleadgroup.com\/wp-content\/uploads\/2025\/02\/A2Costa-Rica-FILACC-JICARAL-CENTRO-AGRICOLA-VISITA-FINCAS-17-min-300x200.jpg\" data-width=\"300\" data-height=\"200\" aria-label=\"\" role=\"img\" ><\/div>\n\t\t\t\t\t\t\t\t\t\t\t<div class=\"elementor-gallery-item__overlay\"><\/div>\n\t\t\t\t\t\t\t\t\t\t\t\t\t\t<\/a>\n\t\t\t\t\t\t\t<a class=\"e-gallery-item elementor-gallery-item elementor-animated-content\" href=\"https:\/\/climateleadgroup.com\/wp-content\/uploads\/2025\/02\/A2Costa-Rica-FILACC-JICARAL-CENTRO-AGRICOLA-VISITA-FINCAS-15-min-scaled.jpg\" data-elementor-open-lightbox=\"yes\" data-elementor-lightbox-slideshow=\"f63674b\" data-elementor-lightbox-title=\"A2Costa Rica - FILACC JICARAL CENTRO AGRICOLA - VISITA FINCAS 15-min\" data-elementor-lightbox-description=\"Visita a finca beneficiaria. \u00a9Daniel Murillo, Climate Lead Group\" data-e-action-hash=\"#elementor-action%3Aaction%3Dlightbox%26settings%3DeyJpZCI6MTE5NywidXJsIjoiaHR0cHM6XC9cL2NsaW1hdGVsZWFkZ3JvdXAuY29tXC93cC1jb250ZW50XC91cGxvYWRzXC8yMDI1XC8wMlwvQTJDb3N0YS1SaWNhLUZJTEFDQy1KSUNBUkFMLUNFTlRSTy1BR1JJQ09MQS1WSVNJVEEtRklOQ0FTLTE1LW1pbi1zY2FsZWQuanBnIiwic2xpZGVzaG93IjoiZjYzNjc0YiJ9\">\n\t\t\t\t\t<div class=\"e-gallery-image elementor-gallery-item__image\" data-thumbnail=\"https:\/\/climateleadgroup.com\/wp-content\/uploads\/2025\/02\/A2Costa-Rica-FILACC-JICARAL-CENTRO-AGRICOLA-VISITA-FINCAS-15-min-300x200.jpg\" data-width=\"300\" data-height=\"200\" aria-label=\"\" role=\"img\" ><\/div>\n\t\t\t\t\t\t\t\t\t\t\t<div class=\"elementor-gallery-item__overlay\"><\/div>\n\t\t\t\t\t\t\t\t\t\t\t\t\t\t<\/a>\n\t\t\t\t\t\t\t<a class=\"e-gallery-item elementor-gallery-item elementor-animated-content\" href=\"https:\/\/climateleadgroup.com\/wp-content\/uploads\/2025\/02\/A2Costa-Rica-FILACC-JICARAL-CENTRO-AGRICOLA-CAPACITACION-Y-FIRMA-COMPROMISO-BENEFICIARIOS-03-min-scaled.jpg\" data-elementor-open-lightbox=\"yes\" data-elementor-lightbox-slideshow=\"f63674b\" data-elementor-lightbox-title=\"A2Costa Rica - FILACC JICARAL CENTRO AGRICOLA - CAPACITACION Y FIRMA COMPROMISO BENEFICIARIOS 03-min\" data-elementor-lightbox-description=\"Firma de compromiso para la implementaci\u00f3n de acciones de adaptaci\u00f3n al cambio clim\u00e1tico por parte de las y los finqueros. \u00a9Daniel Murillo, Climate Lead Group\" data-e-action-hash=\"#elementor-action%3Aaction%3Dlightbox%26settings%3DeyJpZCI6MTE5NSwidXJsIjoiaHR0cHM6XC9cL2NsaW1hdGVsZWFkZ3JvdXAuY29tXC93cC1jb250ZW50XC91cGxvYWRzXC8yMDI1XC8wMlwvQTJDb3N0YS1SaWNhLUZJTEFDQy1KSUNBUkFMLUNFTlRSTy1BR1JJQ09MQS1DQVBBQ0lUQUNJT04tWS1GSVJNQS1DT01QUk9NSVNPLUJFTkVGSUNJQVJJT1MtMDMtbWluLXNjYWxlZC5qcGciLCJzbGlkZXNob3ciOiJmNjM2NzRiIn0%3D\">\n\t\t\t\t\t<div class=\"e-gallery-image elementor-gallery-item__image\" data-thumbnail=\"https:\/\/climateleadgroup.com\/wp-content\/uploads\/2025\/02\/A2Costa-Rica-FILACC-JICARAL-CENTRO-AGRICOLA-CAPACITACION-Y-FIRMA-COMPROMISO-BENEFICIARIOS-03-min-300x200.jpg\" data-width=\"300\" data-height=\"200\" aria-label=\"\" role=\"img\" ><\/div>\n\t\t\t\t\t\t\t\t\t\t\t<div class=\"elementor-gallery-item__overlay\"><\/div>\n\t\t\t\t\t\t\t\t\t\t\t\t\t\t<\/a>\n\t\t\t\t\t<\/div>\n\t\t\t\t\t<\/div>\n\t\t\t\t<\/div>\n\t\t\t\t<div class=\"elementor-element elementor-element-cee6e7f elementor-widget elementor-widget-spacer\" data-id=\"cee6e7f\" data-element_type=\"widget\" data-e-type=\"widget\" data-widget_type=\"spacer.default\">\n\t\t\t\t<div class=\"elementor-widget-container\">\n\t\t\t\t\t\t\t<div class=\"elementor-spacer\">\n\t\t\t<div class=\"elementor-spacer-inner\"><\/div>\n\t\t<\/div>\n\t\t\t\t\t\t<\/div>\n\t\t\t\t<\/div>\n\t\t\t\t<div class=\"elementor-element elementor-element-7819245 animated-slow elementor-grid-3 elementor-grid-tablet-2 elementor-grid-mobile-1 elementor-posts--thumbnail-top elementor-card-shadow-yes elementor-posts__hover-gradient elementor-invisible elementor-widget elementor-widget-posts\" data-id=\"7819245\" data-element_type=\"widget\" data-e-type=\"widget\" data-settings=\"{&quot;_animation&quot;:&quot;fadeIn&quot;,&quot;cards_columns&quot;:&quot;3&quot;,&quot;cards_columns_tablet&quot;:&quot;2&quot;,&quot;cards_columns_mobile&quot;:&quot;1&quot;,&quot;cards_row_gap&quot;:{&quot;unit&quot;:&quot;px&quot;,&quot;size&quot;:35,&quot;sizes&quot;:[]},&quot;cards_row_gap_tablet&quot;:{&quot;unit&quot;:&quot;px&quot;,&quot;size&quot;:&quot;&quot;,&quot;sizes&quot;:[]},&quot;cards_row_gap_mobile&quot;:{&quot;unit&quot;:&quot;px&quot;,&quot;size&quot;:&quot;&quot;,&quot;sizes&quot;:[]}}\" data-widget_type=\"posts.cards\">\n\t\t\t\t<div class=\"elementor-widget-container\">\n\t\t\t\t\t\t\t<div class=\"elementor-posts-container elementor-posts elementor-posts--skin-cards elementor-grid\" role=\"list\">\n\t\t\t\t<article class=\"elementor-post elementor-grid-item post-1243 post type-post status-publish format-standard has-post-thumbnail hentry category-uncategorized tag-climate-change-adaptation\" role=\"listitem\">\n\t\t\t<div class=\"elementor-post__card\">\n\t\t\t\t<a class=\"elementor-post__thumbnail__link\" href=\"https:\/\/climateleadgroup.com\/es\/filacc-cb-talamanca-caribe\/\" tabindex=\"-1\" ><div class=\"elementor-post__thumbnail\"><img decoding=\"async\" width=\"300\" height=\"200\" src=\"https:\/\/climateleadgroup.com\/wp-content\/uploads\/2025\/02\/A2Costa-Rica-FILACC-CB-TALAMANCA-CARIBE-G2-VISITA-ACUEDUCTO-12-min-300x200.jpg\" class=\"attachment-medium size-medium wp-image-1251\" alt=\"\" srcset=\"https:\/\/climateleadgroup.com\/wp-content\/uploads\/2025\/02\/A2Costa-Rica-FILACC-CB-TALAMANCA-CARIBE-G2-VISITA-ACUEDUCTO-12-min-300x200.jpg 300w, https:\/\/climateleadgroup.com\/wp-content\/uploads\/2025\/02\/A2Costa-Rica-FILACC-CB-TALAMANCA-CARIBE-G2-VISITA-ACUEDUCTO-12-min-1024x683.jpg 1024w, https:\/\/climateleadgroup.com\/wp-content\/uploads\/2025\/02\/A2Costa-Rica-FILACC-CB-TALAMANCA-CARIBE-G2-VISITA-ACUEDUCTO-12-min-768x512.jpg 768w, https:\/\/climateleadgroup.com\/wp-content\/uploads\/2025\/02\/A2Costa-Rica-FILACC-CB-TALAMANCA-CARIBE-G2-VISITA-ACUEDUCTO-12-min-1536x1024.jpg 1536w, https:\/\/climateleadgroup.com\/wp-content\/uploads\/2025\/02\/A2Costa-Rica-FILACC-CB-TALAMANCA-CARIBE-G2-VISITA-ACUEDUCTO-12-min-2048x1365.jpg 2048w\" sizes=\"(max-width: 300px) 100vw, 300px\" \/><\/div><\/a>\n\t\t\t\t<div class=\"elementor-post__badge\">Adaptaci\u00f3n al Cambio Clim\u00e1tico<\/div>\n\t\t\t\t<div class=\"elementor-post__text\">\n\t\t\t\t<h3 class=\"elementor-post__title\">\n\t\t\t<a href=\"https:\/\/climateleadgroup.com\/es\/filacc-cb-talamanca-caribe\/\" >\n\t\t\t\tCOMUNIDADES IND\u00cdGENAS FORTALECEN SU CAPACIDAD DE GESTI\u00d3N DEL AGUA PARA ENFRENTAR EL CAMBIO CLIM\u00c1TICO EN TALAMANCA\t\t\t<\/a>\n\t\t<\/h3>\n\t\t\n\t\t<a class=\"elementor-post__read-more\" href=\"https:\/\/climateleadgroup.com\/es\/filacc-cb-talamanca-caribe\/\" aria-label=\"M\u00e1s informaci\u00f3n sobre COMUNIDADES IND\u00cdGENAS FORTALECEN SU CAPACIDAD DE GESTI\u00d3N DEL AGUA PARA ENFRENTAR EL CAMBIO CLIM\u00c1TICO EN TALAMANCA\" tabindex=\"-1\" >\n\t\t\tLeer m\u00e1s \u00bb\t\t<\/a>\n\n\t\t\t\t<\/div>\n\t\t\t\t<div class=\"elementor-post__meta-data\">\n\t\t\t\t\t<span class=\"elementor-post-date\">\n\t\t\tfebrero 3, 2025\t\t<\/span>\n\t\t\t\t<span class=\"elementor-post-avatar\">\n\t\t\tNo hay comentarios\t\t<\/span>\n\t\t\t\t<\/div>\n\t\t\t\t\t<\/div>\n\t\t<\/article>\n\t\t\t\t<article class=\"elementor-post elementor-grid-item post-1224 post type-post status-publish format-standard has-post-thumbnail hentry category-uncategorized tag-climate-change-adaptation\" role=\"listitem\">\n\t\t\t<div class=\"elementor-post__card\">\n\t\t\t\t<a class=\"elementor-post__thumbnail__link\" href=\"https:\/\/climateleadgroup.com\/es\/filacc-pn_marino_ballena\/\" tabindex=\"-1\" ><div class=\"elementor-post__thumbnail\"><img loading=\"lazy\" decoding=\"async\" width=\"300\" height=\"200\" src=\"https:\/\/climateleadgroup.com\/wp-content\/uploads\/2025\/02\/ALO9836-min-300x200.jpg\" class=\"attachment-medium size-medium wp-image-1225\" alt=\"\" srcset=\"https:\/\/climateleadgroup.com\/wp-content\/uploads\/2025\/02\/ALO9836-min-300x200.jpg 300w, https:\/\/climateleadgroup.com\/wp-content\/uploads\/2025\/02\/ALO9836-min-1024x683.jpg 1024w, https:\/\/climateleadgroup.com\/wp-content\/uploads\/2025\/02\/ALO9836-min-768x512.jpg 768w, https:\/\/climateleadgroup.com\/wp-content\/uploads\/2025\/02\/ALO9836-min-1536x1025.jpg 1536w, https:\/\/climateleadgroup.com\/wp-content\/uploads\/2025\/02\/ALO9836-min-2048x1366.jpg 2048w\" sizes=\"(max-width: 300px) 100vw, 300px\" \/><\/div><\/a>\n\t\t\t\t<div class=\"elementor-post__badge\">Adaptaci\u00f3n al Cambio Clim\u00e1tico<\/div>\n\t\t\t\t<div class=\"elementor-post__text\">\n\t\t\t\t<h3 class=\"elementor-post__title\">\n\t\t\t<a href=\"https:\/\/climateleadgroup.com\/es\/filacc-pn_marino_ballena\/\" >\n\t\t\t\tPROYECTO BUSCA REFORZAR LA RESTAURACI\u00d3N DE CORAL PARA IMPULSAR LA ADAPTACI\u00d3N AL CAMBIO CLIM\u00c1TICO DE LAS COMUNIDADES DE OSA\t\t\t<\/a>\n\t\t<\/h3>\n\t\t\n\t\t<a class=\"elementor-post__read-more\" href=\"https:\/\/climateleadgroup.com\/es\/filacc-pn_marino_ballena\/\" aria-label=\"M\u00e1s informaci\u00f3n sobre PROYECTO BUSCA REFORZAR LA RESTAURACI\u00d3N DE CORAL PARA IMPULSAR LA ADAPTACI\u00d3N AL CAMBIO CLIM\u00c1TICO DE LAS COMUNIDADES DE OSA\" tabindex=\"-1\" >\n\t\t\tLeer m\u00e1s \u00bb\t\t<\/a>\n\n\t\t\t\t<\/div>\n\t\t\t\t<div class=\"elementor-post__meta-data\">\n\t\t\t\t\t<span class=\"elementor-post-date\">\n\t\t\tfebrero 3, 2025\t\t<\/span>\n\t\t\t\t<span class=\"elementor-post-avatar\">\n\t\t\tNo hay comentarios\t\t<\/span>\n\t\t\t\t<\/div>\n\t\t\t\t\t<\/div>\n\t\t<\/article>\n\t\t\t\t<article class=\"elementor-post elementor-grid-item post-1208 post type-post status-publish format-standard has-post-thumbnail hentry category-uncategorized tag-climate-change-adaptation\" role=\"listitem\">\n\t\t\t<div class=\"elementor-post__card\">\n\t\t\t\t<a class=\"elementor-post__thumbnail__link\" href=\"https:\/\/climateleadgroup.com\/es\/bijagua-camina-en-adaptacion-al-cambio-climatico-incentivando-restauracion-ecologica-y-la-cultura-local\/\" tabindex=\"-1\" ><div class=\"elementor-post__thumbnail\"><img loading=\"lazy\" decoding=\"async\" width=\"300\" height=\"200\" src=\"https:\/\/climateleadgroup.com\/wp-content\/uploads\/2025\/02\/A2Costa-Rica-FILACC-BIJAGUA-CRWF-REFORESTACION-SIEMBRATON-10-min-300x200.jpg\" class=\"attachment-medium size-medium wp-image-1209\" alt=\"\" srcset=\"https:\/\/climateleadgroup.com\/wp-content\/uploads\/2025\/02\/A2Costa-Rica-FILACC-BIJAGUA-CRWF-REFORESTACION-SIEMBRATON-10-min-300x200.jpg 300w, https:\/\/climateleadgroup.com\/wp-content\/uploads\/2025\/02\/A2Costa-Rica-FILACC-BIJAGUA-CRWF-REFORESTACION-SIEMBRATON-10-min-1024x683.jpg 1024w, https:\/\/climateleadgroup.com\/wp-content\/uploads\/2025\/02\/A2Costa-Rica-FILACC-BIJAGUA-CRWF-REFORESTACION-SIEMBRATON-10-min-768x512.jpg 768w, https:\/\/climateleadgroup.com\/wp-content\/uploads\/2025\/02\/A2Costa-Rica-FILACC-BIJAGUA-CRWF-REFORESTACION-SIEMBRATON-10-min-1536x1024.jpg 1536w, https:\/\/climateleadgroup.com\/wp-content\/uploads\/2025\/02\/A2Costa-Rica-FILACC-BIJAGUA-CRWF-REFORESTACION-SIEMBRATON-10-min-2048x1365.jpg 2048w\" sizes=\"(max-width: 300px) 100vw, 300px\" \/><\/div><\/a>\n\t\t\t\t<div class=\"elementor-post__badge\">Adaptaci\u00f3n al Cambio Clim\u00e1tico<\/div>\n\t\t\t\t<div class=\"elementor-post__text\">\n\t\t\t\t<h3 class=\"elementor-post__title\">\n\t\t\t<a href=\"https:\/\/climateleadgroup.com\/es\/bijagua-camina-en-adaptacion-al-cambio-climatico-incentivando-restauracion-ecologica-y-la-cultura-local\/\" >\n\t\t\t\tBIJAGUA CAMINA EN ADAPTACI\u00d3N AL CAMBIO CLIM\u00c1TICO INCENTIVANDO RESTAURACI\u00d3N ECOSIST\u00c9MICA EN LA CULTURA LOCAL\t\t\t<\/a>\n\t\t<\/h3>\n\t\t\n\t\t<a class=\"elementor-post__read-more\" href=\"https:\/\/climateleadgroup.com\/es\/bijagua-camina-en-adaptacion-al-cambio-climatico-incentivando-restauracion-ecologica-y-la-cultura-local\/\" aria-label=\"M\u00e1s informaci\u00f3n sobre BIJAGUA CAMINA EN ADAPTACI\u00d3N AL CAMBIO CLIM\u00c1TICO INCENTIVANDO RESTAURACI\u00d3N ECOSIST\u00c9MICA EN LA CULTURA LOCAL\" tabindex=\"-1\" >\n\t\t\tLeer m\u00e1s \u00bb\t\t<\/a>\n\n\t\t\t\t<\/div>\n\t\t\t\t<div class=\"elementor-post__meta-data\">\n\t\t\t\t\t<span class=\"elementor-post-date\">\n\t\t\tfebrero 3, 2025\t\t<\/span>\n\t\t\t\t<span class=\"elementor-post-avatar\">\n\t\t\tNo hay comentarios\t\t<\/span>\n\t\t\t\t<\/div>\n\t\t\t\t\t<\/div>\n\t\t<\/article>\n\t\t\t\t<\/div>\n\t\t\n\t\t\t\t\t\t<\/div>\n\t\t\t\t<\/div>\n\t\t\t\t<div class=\"elementor-element elementor-element-f4b9ed7 elementor-widget elementor-widget-spacer\" data-id=\"f4b9ed7\" data-element_type=\"widget\" data-e-type=\"widget\" data-widget_type=\"spacer.default\">\n\t\t\t\t<div class=\"elementor-widget-container\">\n\t\t\t\t\t\t\t<div class=\"elementor-spacer\">\n\t\t\t<div class=\"elementor-spacer-inner\"><\/div>\n\t\t<\/div>\n\t\t\t\t\t\t<\/div>\n\t\t\t\t<\/div>\n\t\t\t\t\t<\/div>\n\t\t<\/div>\n\t\t\t\t\t<\/div>\n\t\t<\/section>\n\t\t\t\t<section class=\"elementor-section elementor-top-section elementor-element elementor-element-699f57ce elementor-section-boxed elementor-section-height-default elementor-section-height-default\" data-id=\"699f57ce\" data-element_type=\"section\" data-e-type=\"section\" data-settings=\"{&quot;background_background&quot;:&quot;classic&quot;}\">\n\t\t\t\t\t\t<div class=\"elementor-container elementor-column-gap-default\">\n\t\t\t\t\t<div class=\"elementor-column elementor-col-33 elementor-top-column elementor-element elementor-element-7fe110e\" data-id=\"7fe110e\" data-element_type=\"column\" data-e-type=\"column\">\n\t\t\t<div class=\"elementor-widget-wrap elementor-element-populated\">\n\t\t\t\t\t\t<div class=\"elementor-element elementor-element-250fdb07 elementor-widget elementor-widget-spacer\" data-id=\"250fdb07\" data-element_type=\"widget\" data-e-type=\"widget\" data-widget_type=\"spacer.default\">\n\t\t\t\t<div class=\"elementor-widget-container\">\n\t\t\t\t\t\t\t<div class=\"elementor-spacer\">\n\t\t\t<div class=\"elementor-spacer-inner\"><\/div>\n\t\t<\/div>\n\t\t\t\t\t\t<\/div>\n\t\t\t\t<\/div>\n\t\t\t\t<div class=\"elementor-element elementor-element-54293cdd elementor-widget elementor-widget-heading\" data-id=\"54293cdd\" data-element_type=\"widget\" data-e-type=\"widget\" data-widget_type=\"heading.default\">\n\t\t\t\t<div class=\"elementor-widget-container\">\n\t\t\t\t\t<h2 class=\"elementor-heading-title elementor-size-default\">CONTACTO<\/h2>\t\t\t\t<\/div>\n\t\t\t\t<\/div>\n\t\t\t\t<div class=\"elementor-element elementor-element-683743f5 elementor-widget elementor-widget-text-editor\" data-id=\"683743f5\" data-element_type=\"widget\" data-e-type=\"widget\" data-widget_type=\"text-editor.default\">\n\t\t\t\t<div class=\"elementor-widget-container\">\n\t\t\t\t\t\t\t\t\t<p>admin@clg-cr.com<\/p><p>+506 72127141<\/p><p>San Jos\u00e9, Costa Rica<\/p>\t\t\t\t\t\t\t\t<\/div>\n\t\t\t\t<\/div>\n\t\t\t\t<div class=\"elementor-element elementor-element-234ff20c elementor-widget elementor-widget-image\" data-id=\"234ff20c\" data-element_type=\"widget\" data-e-type=\"widget\" data-widget_type=\"image.default\">\n\t\t\t\t<div class=\"elementor-widget-container\">\n\t\t\t\t\t\t\t\t\t\t\t\t\t\t\t<img loading=\"lazy\" decoding=\"async\" width=\"800\" height=\"500\" src=\"https:\/\/climateleadgroup.com\/wp-content\/uploads\/2025\/01\/Logo_CLG_Horizontal_Blanco-1024x640.png\" class=\"attachment-large size-large wp-image-1022\" alt=\"\" srcset=\"https:\/\/climateleadgroup.com\/wp-content\/uploads\/2025\/01\/Logo_CLG_Horizontal_Blanco-1024x640.png 1024w, https:\/\/climateleadgroup.com\/wp-content\/uploads\/2025\/01\/Logo_CLG_Horizontal_Blanco-300x188.png 300w, https:\/\/climateleadgroup.com\/wp-content\/uploads\/2025\/01\/Logo_CLG_Horizontal_Blanco-768x480.png 768w, https:\/\/climateleadgroup.com\/wp-content\/uploads\/2025\/01\/Logo_CLG_Horizontal_Blanco.png 1200w\" sizes=\"(max-width: 800px) 100vw, 800px\" \/>\t\t\t\t\t\t\t\t\t\t\t\t\t\t\t<\/div>\n\t\t\t\t<\/div>\n\t\t\t\t\t<\/div>\n\t\t<\/div>\n\t\t\t\t<div class=\"elementor-column elementor-col-33 elementor-top-column elementor-element elementor-element-457ea422\" data-id=\"457ea422\" data-element_type=\"column\" data-e-type=\"column\">\n\t\t\t<div class=\"elementor-widget-wrap elementor-element-populated\">\n\t\t\t\t\t\t<div class=\"elementor-element elementor-element-74e96c72 elementor-widget elementor-widget-heading\" data-id=\"74e96c72\" data-element_type=\"widget\" data-e-type=\"widget\" data-widget_type=\"heading.default\">\n\t\t\t\t<div class=\"elementor-widget-container\">\n\t\t\t\t\t<h2 class=\"elementor-heading-title elementor-size-default\">NO TE LO PIERDAS<\/h2>\t\t\t\t<\/div>\n\t\t\t\t<\/div>\n\t\t\t\t<div class=\"elementor-element elementor-element-4c2f36cd elementor-widget elementor-widget-text-editor\" data-id=\"4c2f36cd\" data-element_type=\"widget\" data-e-type=\"widget\" data-widget_type=\"text-editor.default\">\n\t\t\t\t<div class=\"elementor-widget-container\">\n\t\t\t\t\t\t\t\t\t<p>Suscr\u00edbete a nuestro bolet\u00edn y recibe lo \u00faltimo en sostenibilidad y acci\u00f3n clim\u00e1tica<\/p>\t\t\t\t\t\t\t\t<\/div>\n\t\t\t\t<\/div>\n\t\t\t\t<div class=\"elementor-element elementor-element-76d0954 elementor-button-align-stretch elementor-widget elementor-widget-form\" data-id=\"76d0954\" data-element_type=\"widget\" data-e-type=\"widget\" data-settings=\"{&quot;step_next_label&quot;:&quot;Siguiente&quot;,&quot;step_previous_label&quot;:&quot;Anterior&quot;,&quot;button_width&quot;:&quot;100&quot;,&quot;step_type&quot;:&quot;number_text&quot;,&quot;step_icon_shape&quot;:&quot;circle&quot;}\" data-widget_type=\"form.default\">\n\t\t\t\t<div class=\"elementor-widget-container\">\n\t\t\t\t\t\t\t<form class=\"elementor-form\" method=\"post\" name=\"suscripciones\" aria-label=\"suscripciones\" action=\"\">\n\t\t\t<input type=\"hidden\" name=\"post_id\" value=\"1194\"\/>\n\t\t\t<input type=\"hidden\" name=\"form_id\" value=\"76d0954\"\/>\n\t\t\t<input type=\"hidden\" name=\"referer_title\" value=\"\" \/>\n\n\t\t\t\n\t\t\t<div class=\"elementor-form-fields-wrapper elementor-labels-\">\n\t\t\t\t\t\t\t\t<div class=\"elementor-field-type-text elementor-field-group elementor-column elementor-field-group-name elementor-col-100\">\n\t\t\t\t\t\t\t\t\t\t\t\t<label for=\"form-field-name\" class=\"elementor-field-label elementor-screen-only\">\n\t\t\t\t\t\t\t\tNombre\t\t\t\t\t\t\t<\/label>\n\t\t\t\t\t\t\t\t\t\t\t\t\t\t<input size=\"1\" type=\"text\" name=\"form_fields[name]\" id=\"form-field-name\" class=\"elementor-field elementor-size-sm  elementor-field-textual\" placeholder=\"Nombre\">\n\t\t\t\t\t\t\t\t\t\t\t<\/div>\n\t\t\t\t\t\t\t\t<div class=\"elementor-field-type-email elementor-field-group elementor-column elementor-field-group-email elementor-col-100 elementor-field-required\">\n\t\t\t\t\t\t\t\t\t\t\t\t<label for=\"form-field-email\" class=\"elementor-field-label elementor-screen-only\">\n\t\t\t\t\t\t\t\tCorreo electr\u00f3nico\t\t\t\t\t\t\t<\/label>\n\t\t\t\t\t\t\t\t\t\t\t\t\t\t<input size=\"1\" type=\"email\" name=\"form_fields[email]\" id=\"form-field-email\" class=\"elementor-field elementor-size-sm  elementor-field-textual\" placeholder=\"Correo electr\u00f3nico\" required=\"required\">\n\t\t\t\t\t\t\t\t\t\t\t<\/div>\n\t\t\t\t\t\t\t\t<div class=\"elementor-field-group elementor-column elementor-field-type-submit elementor-col-100 e-form__buttons\">\n\t\t\t\t\t<button class=\"elementor-button elementor-size-sm\" type=\"submit\">\n\t\t\t\t\t\t<span class=\"elementor-button-content-wrapper\">\n\t\t\t\t\t\t\t\t\t\t\t\t\t\t\t\t\t\t\t\t\t\t<span class=\"elementor-button-text\">Enviar<\/span>\n\t\t\t\t\t\t\t\t\t\t\t\t\t<\/span>\n\t\t\t\t\t<\/button>\n\t\t\t\t<\/div>\n\t\t\t<\/div>\n\t\t<input type=\"hidden\" name=\"trp-form-language\" value=\"es\"\/><\/form>\n\t\t\t\t\t\t<\/div>\n\t\t\t\t<\/div>\n\t\t\t\t\t<\/div>\n\t\t<\/div>\n\t\t\t\t<div class=\"elementor-column elementor-col-33 elementor-top-column elementor-element elementor-element-153e22a0\" data-id=\"153e22a0\" data-element_type=\"column\" data-e-type=\"column\">\n\t\t\t<div class=\"elementor-widget-wrap elementor-element-populated\">\n\t\t\t\t\t\t<div class=\"elementor-element elementor-element-49c7aa67 elementor-widget elementor-widget-spacer\" data-id=\"49c7aa67\" data-element_type=\"widget\" data-e-type=\"widget\" data-widget_type=\"spacer.default\">\n\t\t\t\t<div class=\"elementor-widget-container\">\n\t\t\t\t\t\t\t<div class=\"elementor-spacer\">\n\t\t\t<div class=\"elementor-spacer-inner\"><\/div>\n\t\t<\/div>\n\t\t\t\t\t\t<\/div>\n\t\t\t\t<\/div>\n\t\t\t\t<div class=\"elementor-element elementor-element-b002fb7 ecs-nav-layout-vertical e--pointer-underline e--animation-fade elementor-nav-menu--dropdown-tablet elementor-nav-menu--toggle elementor-nav-menu--burger ecs-toggle-align-center elementor-widget elementor-widget-nav-menu\" data-id=\"b002fb7\" data-element_type=\"widget\" data-e-type=\"widget\" data-settings=\"{&quot;layout&quot;:&quot;vertical&quot;,&quot;submenu_icon&quot;:{&quot;value&quot;:&quot;&lt;i class=\\&quot;fas fa-caret-down\\&quot; aria-hidden=\\&quot;true\\&quot;&gt;&lt;\\\/i&gt;&quot;,&quot;library&quot;:&quot;fa-solid&quot;},&quot;toggle&quot;:&quot;burger&quot;}\" data-widget_type=\"nav-menu.default\">\n\t\t\t\t<div class=\"elementor-widget-container\">\n\t\t\t\t\t\t\t\t<nav aria-label=\"Men\u00fa\" class=\"elementor-nav-menu--main elementor-nav-menu__container elementor-nav-menu--layout-vertical e--pointer-underline e--animation-fade\">\n\t\t\t\t<ul id=\"menu-1-b002fb7\" class=\"elementor-nav-menu sm-vertical\"><li class=\"menu-item menu-item-type-post_type menu-item-object-page menu-item-home menu-item-100\"><a href=\"https:\/\/climateleadgroup.com\/es\/\" class=\"elementor-item\">Inicio<\/a><\/li>\n<li class=\"menu-item menu-item-type-post_type menu-item-object-page menu-item-2718\"><a href=\"https:\/\/climateleadgroup.com\/es\/proyectos-de\/\" class=\"elementor-item\">Nuestros proyectos<\/a><\/li>\n<li class=\"menu-item menu-item-type-post_type menu-item-object-page menu-item-104\"><a href=\"https:\/\/climateleadgroup.com\/es\/services\/\" class=\"elementor-item\">Servicios<\/a><\/li>\n<li class=\"menu-item menu-item-type-post_type menu-item-object-page menu-item-1609\"><a href=\"https:\/\/climateleadgroup.com\/es\/?page_id=1604\" class=\"elementor-item\">Noticias<\/a><\/li>\n<\/ul>\t\t\t<\/nav>\n\t\t\t\t\t<div class=\"elementor-menu-toggle\" role=\"button\" tabindex=\"0\" aria-label=\"Alternar men\u00fa\" aria-expanded=\"false\">\n\t\t\t<i aria-hidden=\"true\" role=\"presentation\" class=\"elementor-menu-toggle__icon--open eicon-menu-bar\"><\/i><i aria-hidden=\"true\" role=\"presentation\" class=\"elementor-menu-toggle__icon--close eicon-close\"><\/i>\t\t<\/div>\n\t\t\t\t\t<nav class=\"elementor-nav-menu--dropdown elementor-nav-menu__container\" aria-hidden=\"true\">\n\t\t\t\t<ul id=\"menu-2-b002fb7\" class=\"elementor-nav-menu sm-vertical\"><li class=\"menu-item menu-item-type-post_type menu-item-object-page menu-item-home menu-item-100\"><a href=\"https:\/\/climateleadgroup.com\/es\/\" class=\"elementor-item\" tabindex=\"-1\">Inicio<\/a><\/li>\n<li class=\"menu-item menu-item-type-post_type menu-item-object-page menu-item-2718\"><a href=\"https:\/\/climateleadgroup.com\/es\/proyectos-de\/\" class=\"elementor-item\" tabindex=\"-1\">Nuestros proyectos<\/a><\/li>\n<li class=\"menu-item menu-item-type-post_type menu-item-object-page menu-item-104\"><a href=\"https:\/\/climateleadgroup.com\/es\/services\/\" class=\"elementor-item\" tabindex=\"-1\">Servicios<\/a><\/li>\n<li class=\"menu-item menu-item-type-post_type menu-item-object-page menu-item-1609\"><a href=\"https:\/\/climateleadgroup.com\/es\/?page_id=1604\" class=\"elementor-item\" tabindex=\"-1\">Noticias<\/a><\/li>\n<\/ul>\t\t\t<\/nav>\n\t\t\t\t\t\t<\/div>\n\t\t\t\t<\/div>\n\t\t\t\t\t<\/div>\n\t\t<\/div>\n\t\t\t\t\t<\/div>\n\t\t<\/section>\n\t\t\t\t<\/div>","protected":false},"excerpt":{"rendered":"<p>\u00a0El proyecto \u201cImpulso a los procesos de gesti\u00f3n del recurso h\u00eddrico y sistemas productivos resilientes como mecanismo de adaptaci\u00f3n al cambio clim\u00e1tico en los distritos<\/p>","protected":false},"author":5,"featured_media":1202,"comment_status":"open","ping_status":"open","sticky":false,"template":"elementor_canvas","format":"standard","meta":{"footnotes":""},"categories":[1],"tags":[29],"class_list":["post-1194","post","type-post","status-publish","format-standard","has-post-thumbnail","hentry","category-uncategorized","tag-climate-change-adaptation"],"_links":{"self":[{"href":"https:\/\/climateleadgroup.com\/es\/wp-json\/wp\/v2\/posts\/1194","targetHints":{"allow":["GET"]}}],"collection":[{"href":"https:\/\/climateleadgroup.com\/es\/wp-json\/wp\/v2\/posts"}],"about":[{"href":"https:\/\/climateleadgroup.com\/es\/wp-json\/wp\/v2\/types\/post"}],"author":[{"embeddable":true,"href":"https:\/\/climateleadgroup.com\/es\/wp-json\/wp\/v2\/users\/5"}],"replies":[{"embeddable":true,"href":"https:\/\/climateleadgroup.com\/es\/wp-json\/wp\/v2\/comments?post=1194"}],"version-history":[{"count":4,"href":"https:\/\/climateleadgroup.com\/es\/wp-json\/wp\/v2\/posts\/1194\/revisions"}],"predecessor-version":[{"id":1207,"href":"https:\/\/climateleadgroup.com\/es\/wp-json\/wp\/v2\/posts\/1194\/revisions\/1207"}],"wp:featuredmedia":[{"embeddable":true,"href":"https:\/\/climateleadgroup.com\/es\/wp-json\/wp\/v2\/media\/1202"}],"wp:attachment":[{"href":"https:\/\/climateleadgroup.com\/es\/wp-json\/wp\/v2\/media?parent=1194"}],"wp:term":[{"taxonomy":"category","embeddable":true,"href":"https:\/\/climateleadgroup.com\/es\/wp-json\/wp\/v2\/categories?post=1194"},{"taxonomy":"post_tag","embeddable":true,"href":"https:\/\/climateleadgroup.com\/es\/wp-json\/wp\/v2\/tags?post=1194"}],"curies":[{"name":"wp","href":"https:\/\/api.w.org\/{rel}","templated":true}]}}